{"id":207652,"date":"2025-04-03T13:06:50","date_gmt":"2025-04-03T13:06:50","guid":{"rendered":"https:\/\/advokat.enckelladvokatbyra.se\/?p=207652"},"modified":"2025-11-25T14:59:43","modified_gmt":"2025-11-25T14:59:43","slug":"3-april","status":"publish","type":"post","link":"https:\/\/enckelladvokatbyra.se\/en\/3-april\/","title":{"rendered":"Privat transaktion Kristianstad"},"content":{"rendered":"<p>Enckell Advokatbyr\u00e5 har varit legal r\u00e5dgivare \u00e5t s\u00e4ljaren vid dennes avyttring av en bostadsfastighet p\u00e5 \u00d6stermalm i centrala Kristianstad.<br \/>\n\u00d6verl\u00e5telsen har genomf\u00f6rts via en bolagsaff\u00e4r.<\/p>","protected":false},"excerpt":{"rendered":"<p>Enckell Advokatbyr\u00e5 har varit legal r\u00e5dgivare \u00e5t s\u00e4ljaren vid dennes avyttring av en bostadsfastighet p\u00e5 \u00d6stermalm i centrala Kristianstad. \u00d6verl\u00e5telsen har genomf\u00f6rts via en bolagsaff\u00e4r.<\/p>","protected":false},"author":2,"featured_media":207667,"comment_status":"closed","ping_status":"closed","sticky":false,"template":"","format":"standard","meta":{"_et_pb_use_builder":"","_et_pb_old_content":"","_et_gb_content_width":"","footnotes":""},"categories":[9],"tags":[],"class_list":["post-207652","post","type-post","status-publish","format-standard","has-post-thumbnail","hentry","category-nyheter"],"yoast_head":"<!-- This site is optimized with the Yoast SEO plugin v27.4 - https:\/\/yoast.com\/product\/yoast-seo-wordpress\/ -->\n<title>Privat transaktion Kristianstad - Enckell Advokatbyr\u00e5 Malm\u00f6<\/title>\n<meta name=\"robots\" content=\"index, follow, max-snippet:-1, max-image-preview:large, max-video-preview:-1\" \/>\n<link rel=\"canonical\" href=\"https:\/\/enckelladvokatbyra.se\/en\/3-april\/\" \/>\n<meta property=\"og:locale\" content=\"en_GB\" \/>\n<meta property=\"og:type\" content=\"article\" \/>\n<meta property=\"og:title\" content=\"Privat transaktion Kristianstad - Enckell Advokatbyr\u00e5 Malm\u00f6\" \/>\n<meta property=\"og:description\" content=\"Enckell Advokatbyr\u00e5 har varit legal r\u00e5dgivare \u00e5t s\u00e4ljaren vid dennes avyttring av en bostadsfastighet p\u00e5 \u00d6stermalm i centrala Kristianstad. \u00d6verl\u00e5telsen har genomf\u00f6rts via en bolagsaff\u00e4r.\" \/>\n<meta property=\"og:url\" content=\"https:\/\/enckelladvokatbyra.se\/en\/3-april\/\" \/>\n<meta property=\"og:site_name\" content=\"Enckell Advokatbyr\u00e5 Malm\u00f6\" \/>\n<meta property=\"article:published_time\" content=\"2025-04-03T13:06:50+00:00\" \/>\n<meta property=\"article:modified_time\" content=\"2025-11-25T14:59:43+00:00\" \/>\n<meta property=\"og:image\" content=\"https:\/\/enckelladvokatbyra.se\/wp-content\/uploads\/2025\/04\/city-6228915_1920-e1762510584365.webp\" \/>\n\t<meta property=\"og:image:width\" content=\"1080\" \/>\n\t<meta property=\"og:image:height\" content=\"893\" \/>\n\t<meta property=\"og:image:type\" content=\"image\/webp\" \/>\n<meta name=\"author\" content=\"enckelladvokatbyra\" \/>\n<meta name=\"twitter:card\" content=\"summary_large_image\" \/>\n<meta name=\"twitter:label1\" content=\"Written by\" \/>\n\t<meta name=\"twitter:data1\" content=\"enckelladvokatbyra\" \/>\n<script type=\"application\/ld+json\" class=\"yoast-schema-graph\">{\"@context\":\"https:\\\/\\\/schema.org\",\"@graph\":[{\"@type\":\"Article\",\"@id\":\"https:\\\/\\\/enckelladvokatbyra.se\\\/3-april\\\/#article\",\"isPartOf\":{\"@id\":\"https:\\\/\\\/enckelladvokatbyra.se\\\/3-april\\\/\"},\"author\":{\"name\":\"enckelladvokatbyra\",\"@id\":\"https:\\\/\\\/enckelladvokatbyra.se\\\/#\\\/schema\\\/person\\\/dc122da1798b1e68783203f28bb9cb06\"},\"headline\":\"Privat transaktion Kristianstad\",\"datePublished\":\"2025-04-03T13:06:50+00:00\",\"dateModified\":\"2025-11-25T14:59:43+00:00\",\"mainEntityOfPage\":{\"@id\":\"https:\\\/\\\/enckelladvokatbyra.se\\\/3-april\\\/\"},\"wordCount\":33,\"image\":{\"@id\":\"https:\\\/\\\/enckelladvokatbyra.se\\\/3-april\\\/#primaryimage\"},\"thumbnailUrl\":\"https:\\\/\\\/enckelladvokatbyra.se\\\/wp-content\\\/uploads\\\/2025\\\/04\\\/city-6228915_1920-e1762510584365.webp\",\"articleSection\":[\"Nyheter\"],\"inLanguage\":\"en-GB\"},{\"@type\":\"WebPage\",\"@id\":\"https:\\\/\\\/enckelladvokatbyra.se\\\/3-april\\\/\",\"url\":\"https:\\\/\\\/enckelladvokatbyra.se\\\/3-april\\\/\",\"name\":\"Privat transaktion Kristianstad - Enckell Advokatbyr\u00e5 Malm\u00f6\",\"isPartOf\":{\"@id\":\"https:\\\/\\\/enckelladvokatbyra.se\\\/#website\"},\"primaryImageOfPage\":{\"@id\":\"https:\\\/\\\/enckelladvokatbyra.se\\\/3-april\\\/#primaryimage\"},\"image\":{\"@id\":\"https:\\\/\\\/enckelladvokatbyra.se\\\/3-april\\\/#primaryimage\"},\"thumbnailUrl\":\"https:\\\/\\\/enckelladvokatbyra.se\\\/wp-content\\\/uploads\\\/2025\\\/04\\\/city-6228915_1920-e1762510584365.webp\",\"datePublished\":\"2025-04-03T13:06:50+00:00\",\"dateModified\":\"2025-11-25T14:59:43+00:00\",\"author\":{\"@id\":\"https:\\\/\\\/enckelladvokatbyra.se\\\/#\\\/schema\\\/person\\\/dc122da1798b1e68783203f28bb9cb06\"},\"breadcrumb\":{\"@id\":\"https:\\\/\\\/enckelladvokatbyra.se\\\/3-april\\\/#breadcrumb\"},\"inLanguage\":\"en-GB\",\"potentialAction\":[{\"@type\":\"ReadAction\",\"target\":[\"https:\\\/\\\/enckelladvokatbyra.se\\\/3-april\\\/\"]}]},{\"@type\":\"ImageObject\",\"inLanguage\":\"en-GB\",\"@id\":\"https:\\\/\\\/enckelladvokatbyra.se\\\/3-april\\\/#primaryimage\",\"url\":\"https:\\\/\\\/enckelladvokatbyra.se\\\/wp-content\\\/uploads\\\/2025\\\/04\\\/city-6228915_1920-e1762510584365.webp\",\"contentUrl\":\"https:\\\/\\\/enckelladvokatbyra.se\\\/wp-content\\\/uploads\\\/2025\\\/04\\\/city-6228915_1920-e1762510584365.webp\",\"width\":1080,\"height\":893},{\"@type\":\"BreadcrumbList\",\"@id\":\"https:\\\/\\\/enckelladvokatbyra.se\\\/3-april\\\/#breadcrumb\",\"itemListElement\":[{\"@type\":\"ListItem\",\"position\":1,\"name\":\"Hem\",\"item\":\"https:\\\/\\\/enckelladvokatbyra.se\\\/\"},{\"@type\":\"ListItem\",\"position\":2,\"name\":\"Privat transaktion Kristianstad\"}]},{\"@type\":\"WebSite\",\"@id\":\"https:\\\/\\\/enckelladvokatbyra.se\\\/#website\",\"url\":\"https:\\\/\\\/enckelladvokatbyra.se\\\/\",\"name\":\"Enckell Advokatbyr\u00e5 Malm\u00f6\",\"description\":\"\",\"potentialAction\":[{\"@type\":\"SearchAction\",\"target\":{\"@type\":\"EntryPoint\",\"urlTemplate\":\"https:\\\/\\\/enckelladvokatbyra.se\\\/?s={search_term_string}\"},\"query-input\":{\"@type\":\"PropertyValueSpecification\",\"valueRequired\":true,\"valueName\":\"search_term_string\"}}],\"inLanguage\":\"en-GB\"},{\"@type\":\"Person\",\"@id\":\"https:\\\/\\\/enckelladvokatbyra.se\\\/#\\\/schema\\\/person\\\/dc122da1798b1e68783203f28bb9cb06\",\"name\":\"enckelladvokatbyra\",\"image\":{\"@type\":\"ImageObject\",\"inLanguage\":\"en-GB\",\"@id\":\"https:\\\/\\\/secure.gravatar.com\\\/avatar\\\/04c93fbb130f5c7e1b82111e39d69da0b021c396c370f0b0dc2bf247bdf70f28?s=96&d=mm&r=g\",\"url\":\"https:\\\/\\\/secure.gravatar.com\\\/avatar\\\/04c93fbb130f5c7e1b82111e39d69da0b021c396c370f0b0dc2bf247bdf70f28?s=96&d=mm&r=g\",\"contentUrl\":\"https:\\\/\\\/secure.gravatar.com\\\/avatar\\\/04c93fbb130f5c7e1b82111e39d69da0b021c396c370f0b0dc2bf247bdf70f28?s=96&d=mm&r=g\",\"caption\":\"enckelladvokatbyra\"},\"url\":\"https:\\\/\\\/enckelladvokatbyra.se\\\/en\\\/author\\\/enckelladvokatbyra\\\/\"}]}<\/script>\n<!-- \/ Yoast SEO plugin. -->","yoast_head_json":{"title":"Privat transaktion Kristianstad - Enckell Advokatbyr\u00e5 Malm\u00f6","robots":{"index":"index","follow":"follow","max-snippet":"max-snippet:-1","max-image-preview":"max-image-preview:large","max-video-preview":"max-video-preview:-1"},"canonical":"https:\/\/enckelladvokatbyra.se\/en\/3-april\/","og_locale":"en_GB","og_type":"article","og_title":"Privat transaktion Kristianstad - Enckell Advokatbyr\u00e5 Malm\u00f6","og_description":"Enckell Advokatbyr\u00e5 har varit legal r\u00e5dgivare \u00e5t s\u00e4ljaren vid dennes avyttring av en bostadsfastighet p\u00e5 \u00d6stermalm i centrala Kristianstad. \u00d6verl\u00e5telsen har genomf\u00f6rts via en bolagsaff\u00e4r.","og_url":"https:\/\/enckelladvokatbyra.se\/en\/3-april\/","og_site_name":"Enckell Advokatbyr\u00e5 Malm\u00f6","article_published_time":"2025-04-03T13:06:50+00:00","article_modified_time":"2025-11-25T14:59:43+00:00","og_image":[{"width":1080,"height":893,"url":"https:\/\/enckelladvokatbyra.se\/wp-content\/uploads\/2025\/04\/city-6228915_1920-e1762510584365.webp","type":"image\/webp"}],"author":"enckelladvokatbyra","twitter_card":"summary_large_image","twitter_misc":{"Written by":"enckelladvokatbyra"},"schema":{"@context":"https:\/\/schema.org","@graph":[{"@type":"Article","@id":"https:\/\/enckelladvokatbyra.se\/3-april\/#article","isPartOf":{"@id":"https:\/\/enckelladvokatbyra.se\/3-april\/"},"author":{"name":"enckelladvokatbyra","@id":"https:\/\/enckelladvokatbyra.se\/#\/schema\/person\/dc122da1798b1e68783203f28bb9cb06"},"headline":"Privat transaktion Kristianstad","datePublished":"2025-04-03T13:06:50+00:00","dateModified":"2025-11-25T14:59:43+00:00","mainEntityOfPage":{"@id":"https:\/\/enckelladvokatbyra.se\/3-april\/"},"wordCount":33,"image":{"@id":"https:\/\/enckelladvokatbyra.se\/3-april\/#primaryimage"},"thumbnailUrl":"https:\/\/enckelladvokatbyra.se\/wp-content\/uploads\/2025\/04\/city-6228915_1920-e1762510584365.webp","articleSection":["Nyheter"],"inLanguage":"en-GB"},{"@type":"WebPage","@id":"https:\/\/enckelladvokatbyra.se\/3-april\/","url":"https:\/\/enckelladvokatbyra.se\/3-april\/","name":"Privat transaktion Kristianstad - Enckell Advokatbyr\u00e5 Malm\u00f6","isPartOf":{"@id":"https:\/\/enckelladvokatbyra.se\/#website"},"primaryImageOfPage":{"@id":"https:\/\/enckelladvokatbyra.se\/3-april\/#primaryimage"},"image":{"@id":"https:\/\/enckelladvokatbyra.se\/3-april\/#primaryimage"},"thumbnailUrl":"https:\/\/enckelladvokatbyra.se\/wp-content\/uploads\/2025\/04\/city-6228915_1920-e1762510584365.webp","datePublished":"2025-04-03T13:06:50+00:00","dateModified":"2025-11-25T14:59:43+00:00","author":{"@id":"https:\/\/enckelladvokatbyra.se\/#\/schema\/person\/dc122da1798b1e68783203f28bb9cb06"},"breadcrumb":{"@id":"https:\/\/enckelladvokatbyra.se\/3-april\/#breadcrumb"},"inLanguage":"en-GB","potentialAction":[{"@type":"ReadAction","target":["https:\/\/enckelladvokatbyra.se\/3-april\/"]}]},{"@type":"ImageObject","inLanguage":"en-GB","@id":"https:\/\/enckelladvokatbyra.se\/3-april\/#primaryimage","url":"https:\/\/enckelladvokatbyra.se\/wp-content\/uploads\/2025\/04\/city-6228915_1920-e1762510584365.webp","contentUrl":"https:\/\/enckelladvokatbyra.se\/wp-content\/uploads\/2025\/04\/city-6228915_1920-e1762510584365.webp","width":1080,"height":893},{"@type":"BreadcrumbList","@id":"https:\/\/enckelladvokatbyra.se\/3-april\/#breadcrumb","itemListElement":[{"@type":"ListItem","position":1,"name":"Hem","item":"https:\/\/enckelladvokatbyra.se\/"},{"@type":"ListItem","position":2,"name":"Privat transaktion Kristianstad"}]},{"@type":"WebSite","@id":"https:\/\/enckelladvokatbyra.se\/#website","url":"https:\/\/enckelladvokatbyra.se\/","name":"Enckell Advokatbyr\u00e5 Malm\u00f6","description":"","potentialAction":[{"@type":"SearchAction","target":{"@type":"EntryPoint","urlTemplate":"https:\/\/enckelladvokatbyra.se\/?s={search_term_string}"},"query-input":{"@type":"PropertyValueSpecification","valueRequired":true,"valueName":"search_term_string"}}],"inLanguage":"en-GB"},{"@type":"Person","@id":"https:\/\/enckelladvokatbyra.se\/#\/schema\/person\/dc122da1798b1e68783203f28bb9cb06","name":"enckelladvokatbyra","image":{"@type":"ImageObject","inLanguage":"en-GB","@id":"https:\/\/secure.gravatar.com\/avatar\/04c93fbb130f5c7e1b82111e39d69da0b021c396c370f0b0dc2bf247bdf70f28?s=96&d=mm&r=g","url":"https:\/\/secure.gravatar.com\/avatar\/04c93fbb130f5c7e1b82111e39d69da0b021c396c370f0b0dc2bf247bdf70f28?s=96&d=mm&r=g","contentUrl":"https:\/\/secure.gravatar.com\/avatar\/04c93fbb130f5c7e1b82111e39d69da0b021c396c370f0b0dc2bf247bdf70f28?s=96&d=mm&r=g","caption":"enckelladvokatbyra"},"url":"https:\/\/enckelladvokatbyra.se\/en\/author\/enckelladvokatbyra\/"}]}},"_links":{"self":[{"href":"https:\/\/enckelladvokatbyra.se\/en\/wp-json\/wp\/v2\/posts\/207652","targetHints":{"allow":["GET"]}}],"collection":[{"href":"https:\/\/enckelladvokatbyra.se\/en\/wp-json\/wp\/v2\/posts"}],"about":[{"href":"https:\/\/enckelladvokatbyra.se\/en\/wp-json\/wp\/v2\/types\/post"}],"author":[{"embeddable":true,"href":"https:\/\/enckelladvokatbyra.se\/en\/wp-json\/wp\/v2\/users\/2"}],"replies":[{"embeddable":true,"href":"https:\/\/enckelladvokatbyra.se\/en\/wp-json\/wp\/v2\/comments?post=207652"}],"version-history":[{"count":3,"href":"https:\/\/enckelladvokatbyra.se\/en\/wp-json\/wp\/v2\/posts\/207652\/revisions"}],"predecessor-version":[{"id":207725,"href":"https:\/\/enckelladvokatbyra.se\/en\/wp-json\/wp\/v2\/posts\/207652\/revisions\/207725"}],"wp:featuredmedia":[{"embeddable":true,"href":"https:\/\/enckelladvokatbyra.se\/en\/wp-json\/wp\/v2\/media\/207667"}],"wp:attachment":[{"href":"https:\/\/enckelladvokatbyra.se\/en\/wp-json\/wp\/v2\/media?parent=207652"}],"wp:term":[{"taxonomy":"category","embeddable":true,"href":"https:\/\/enckelladvokatbyra.se\/en\/wp-json\/wp\/v2\/categories?post=207652"},{"taxonomy":"post_tag","embeddable":true,"href":"https:\/\/enckelladvokatbyra.se\/en\/wp-json\/wp\/v2\/tags?post=207652"}],"curies":[{"name":"wp","href":"https:\/\/api.w.org\/{rel}","templated":true}]}}