{"id":207656,"date":"2025-04-10T20:15:13","date_gmt":"2025-04-10T20:15:13","guid":{"rendered":"https:\/\/advokat.enckelladvokatbyra.se\/?p=207656"},"modified":"2025-11-25T14:59:10","modified_gmt":"2025-11-25T14:59:10","slug":"transaktion-blekinge","status":"publish","type":"post","link":"https:\/\/enckelladvokatbyra.se\/en\/transaktion-blekinge\/","title":{"rendered":"Transaktion Blekinge"},"content":{"rendered":"<p>Enckell Advokatbyr\u00e5 har agerat legal r\u00e5dgivare \u00e5t k\u00f6paren i dennes f\u00f6rv\u00e4rv av en utvecklingsfastighet p\u00e5 Salt\u00f6 i centrala Karlskrona. K\u00f6paren, en lokal akt\u00f6r, ska uppf\u00f6ra hyresr\u00e4tter\/seniorbost\u00e4der p\u00e5 fastigheten.<br \/>\nParterna har valt att inte kommunicera n\u00e5gra detaljer om transaktionen.<\/p>","protected":false},"excerpt":{"rendered":"<p>Enckell Advokatbyr\u00e5 har agerat legal r\u00e5dgivare \u00e5t k\u00f6paren i dennes f\u00f6rv\u00e4rv av en utvecklingsfastighet p\u00e5 Salt\u00f6 i centrala Karlskrona. K\u00f6paren, en lokal akt\u00f6r, ska uppf\u00f6ra hyresr\u00e4tter\/seniorbost\u00e4der p\u00e5 fastigheten. Parterna har valt att inte kommunicera n\u00e5gra detaljer om transaktionen.<\/p>","protected":false},"author":2,"featured_media":207666,"comment_status":"closed","ping_status":"closed","sticky":false,"template":"","format":"standard","meta":{"_et_pb_use_builder":"","_et_pb_old_content":"","_et_gb_content_width":"","footnotes":""},"categories":[9],"tags":[],"class_list":["post-207656","post","type-post","status-publish","format-standard","has-post-thumbnail","hentry","category-nyheter"],"yoast_head":"<!-- This site is optimized with the Yoast SEO plugin v27.4 - https:\/\/yoast.com\/product\/yoast-seo-wordpress\/ -->\n<title>Transaktion Blekinge - Enckell Advokatbyr\u00e5 Malm\u00f6<\/title>\n<meta name=\"robots\" content=\"index, follow, max-snippet:-1, max-image-preview:large, max-video-preview:-1\" \/>\n<link rel=\"canonical\" href=\"https:\/\/enckelladvokatbyra.se\/en\/transaktion-blekinge\/\" \/>\n<meta property=\"og:locale\" content=\"en_GB\" \/>\n<meta property=\"og:type\" content=\"article\" \/>\n<meta property=\"og:title\" content=\"Transaktion Blekinge - Enckell Advokatbyr\u00e5 Malm\u00f6\" \/>\n<meta property=\"og:description\" content=\"Enckell Advokatbyr\u00e5 har agerat legal r\u00e5dgivare \u00e5t k\u00f6paren i dennes f\u00f6rv\u00e4rv av en utvecklingsfastighet p\u00e5 Salt\u00f6 i centrala Karlskrona. K\u00f6paren, en lokal akt\u00f6r, ska uppf\u00f6ra hyresr\u00e4tter\/seniorbost\u00e4der p\u00e5 fastigheten. Parterna har valt att inte kommunicera n\u00e5gra detaljer om transaktionen.\" \/>\n<meta property=\"og:url\" content=\"https:\/\/enckelladvokatbyra.se\/en\/transaktion-blekinge\/\" \/>\n<meta property=\"og:site_name\" content=\"Enckell Advokatbyr\u00e5 Malm\u00f6\" \/>\n<meta property=\"article:published_time\" content=\"2025-04-10T20:15:13+00:00\" \/>\n<meta property=\"article:modified_time\" content=\"2025-11-25T14:59:10+00:00\" \/>\n<meta property=\"og:image\" content=\"https:\/\/enckelladvokatbyra.se\/wp-content\/uploads\/2025\/04\/karlskrona_bild.webp\" \/>\n\t<meta property=\"og:image:width\" content=\"1920\" \/>\n\t<meta property=\"og:image:height\" content=\"1440\" \/>\n\t<meta property=\"og:image:type\" content=\"image\/webp\" \/>\n<meta name=\"author\" content=\"enckelladvokatbyra\" \/>\n<meta name=\"twitter:card\" content=\"summary_large_image\" \/>\n<meta name=\"twitter:label1\" content=\"Written by\" \/>\n\t<meta name=\"twitter:data1\" content=\"enckelladvokatbyra\" \/>\n<script type=\"application\/ld+json\" class=\"yoast-schema-graph\">{\"@context\":\"https:\\\/\\\/schema.org\",\"@graph\":[{\"@type\":\"Article\",\"@id\":\"https:\\\/\\\/enckelladvokatbyra.se\\\/transaktion-blekinge\\\/#article\",\"isPartOf\":{\"@id\":\"https:\\\/\\\/enckelladvokatbyra.se\\\/transaktion-blekinge\\\/\"},\"author\":{\"name\":\"enckelladvokatbyra\",\"@id\":\"https:\\\/\\\/enckelladvokatbyra.se\\\/#\\\/schema\\\/person\\\/dc122da1798b1e68783203f28bb9cb06\"},\"headline\":\"Transaktion Blekinge\",\"datePublished\":\"2025-04-10T20:15:13+00:00\",\"dateModified\":\"2025-11-25T14:59:10+00:00\",\"mainEntityOfPage\":{\"@id\":\"https:\\\/\\\/enckelladvokatbyra.se\\\/transaktion-blekinge\\\/\"},\"wordCount\":51,\"image\":{\"@id\":\"https:\\\/\\\/enckelladvokatbyra.se\\\/transaktion-blekinge\\\/#primaryimage\"},\"thumbnailUrl\":\"https:\\\/\\\/enckelladvokatbyra.se\\\/wp-content\\\/uploads\\\/2025\\\/04\\\/karlskrona_bild.webp\",\"articleSection\":[\"Nyheter\"],\"inLanguage\":\"en-GB\"},{\"@type\":\"WebPage\",\"@id\":\"https:\\\/\\\/enckelladvokatbyra.se\\\/transaktion-blekinge\\\/\",\"url\":\"https:\\\/\\\/enckelladvokatbyra.se\\\/transaktion-blekinge\\\/\",\"name\":\"Transaktion Blekinge - Enckell Advokatbyr\u00e5 Malm\u00f6\",\"isPartOf\":{\"@id\":\"https:\\\/\\\/enckelladvokatbyra.se\\\/#website\"},\"primaryImageOfPage\":{\"@id\":\"https:\\\/\\\/enckelladvokatbyra.se\\\/transaktion-blekinge\\\/#primaryimage\"},\"image\":{\"@id\":\"https:\\\/\\\/enckelladvokatbyra.se\\\/transaktion-blekinge\\\/#primaryimage\"},\"thumbnailUrl\":\"https:\\\/\\\/enckelladvokatbyra.se\\\/wp-content\\\/uploads\\\/2025\\\/04\\\/karlskrona_bild.webp\",\"datePublished\":\"2025-04-10T20:15:13+00:00\",\"dateModified\":\"2025-11-25T14:59:10+00:00\",\"author\":{\"@id\":\"https:\\\/\\\/enckelladvokatbyra.se\\\/#\\\/schema\\\/person\\\/dc122da1798b1e68783203f28bb9cb06\"},\"breadcrumb\":{\"@id\":\"https:\\\/\\\/enckelladvokatbyra.se\\\/transaktion-blekinge\\\/#breadcrumb\"},\"inLanguage\":\"en-GB\",\"potentialAction\":[{\"@type\":\"ReadAction\",\"target\":[\"https:\\\/\\\/enckelladvokatbyra.se\\\/transaktion-blekinge\\\/\"]}]},{\"@type\":\"ImageObject\",\"inLanguage\":\"en-GB\",\"@id\":\"https:\\\/\\\/enckelladvokatbyra.se\\\/transaktion-blekinge\\\/#primaryimage\",\"url\":\"https:\\\/\\\/enckelladvokatbyra.se\\\/wp-content\\\/uploads\\\/2025\\\/04\\\/karlskrona_bild.webp\",\"contentUrl\":\"https:\\\/\\\/enckelladvokatbyra.se\\\/wp-content\\\/uploads\\\/2025\\\/04\\\/karlskrona_bild.webp\",\"width\":1920,\"height\":1440},{\"@type\":\"BreadcrumbList\",\"@id\":\"https:\\\/\\\/enckelladvokatbyra.se\\\/transaktion-blekinge\\\/#breadcrumb\",\"itemListElement\":[{\"@type\":\"ListItem\",\"position\":1,\"name\":\"Hem\",\"item\":\"https:\\\/\\\/enckelladvokatbyra.se\\\/\"},{\"@type\":\"ListItem\",\"position\":2,\"name\":\"Transaktion Blekinge\"}]},{\"@type\":\"WebSite\",\"@id\":\"https:\\\/\\\/enckelladvokatbyra.se\\\/#website\",\"url\":\"https:\\\/\\\/enckelladvokatbyra.se\\\/\",\"name\":\"Enckell Advokatbyr\u00e5 Malm\u00f6\",\"description\":\"\",\"potentialAction\":[{\"@type\":\"SearchAction\",\"target\":{\"@type\":\"EntryPoint\",\"urlTemplate\":\"https:\\\/\\\/enckelladvokatbyra.se\\\/?s={search_term_string}\"},\"query-input\":{\"@type\":\"PropertyValueSpecification\",\"valueRequired\":true,\"valueName\":\"search_term_string\"}}],\"inLanguage\":\"en-GB\"},{\"@type\":\"Person\",\"@id\":\"https:\\\/\\\/enckelladvokatbyra.se\\\/#\\\/schema\\\/person\\\/dc122da1798b1e68783203f28bb9cb06\",\"name\":\"enckelladvokatbyra\",\"image\":{\"@type\":\"ImageObject\",\"inLanguage\":\"en-GB\",\"@id\":\"https:\\\/\\\/secure.gravatar.com\\\/avatar\\\/04c93fbb130f5c7e1b82111e39d69da0b021c396c370f0b0dc2bf247bdf70f28?s=96&d=mm&r=g\",\"url\":\"https:\\\/\\\/secure.gravatar.com\\\/avatar\\\/04c93fbb130f5c7e1b82111e39d69da0b021c396c370f0b0dc2bf247bdf70f28?s=96&d=mm&r=g\",\"contentUrl\":\"https:\\\/\\\/secure.gravatar.com\\\/avatar\\\/04c93fbb130f5c7e1b82111e39d69da0b021c396c370f0b0dc2bf247bdf70f28?s=96&d=mm&r=g\",\"caption\":\"enckelladvokatbyra\"},\"url\":\"https:\\\/\\\/enckelladvokatbyra.se\\\/en\\\/author\\\/enckelladvokatbyra\\\/\"}]}<\/script>\n<!-- \/ Yoast SEO plugin. -->","yoast_head_json":{"title":"Transaktion Blekinge - Enckell Advokatbyr\u00e5 Malm\u00f6","robots":{"index":"index","follow":"follow","max-snippet":"max-snippet:-1","max-image-preview":"max-image-preview:large","max-video-preview":"max-video-preview:-1"},"canonical":"https:\/\/enckelladvokatbyra.se\/en\/transaktion-blekinge\/","og_locale":"en_GB","og_type":"article","og_title":"Transaktion Blekinge - Enckell Advokatbyr\u00e5 Malm\u00f6","og_description":"Enckell Advokatbyr\u00e5 har agerat legal r\u00e5dgivare \u00e5t k\u00f6paren i dennes f\u00f6rv\u00e4rv av en utvecklingsfastighet p\u00e5 Salt\u00f6 i centrala Karlskrona. K\u00f6paren, en lokal akt\u00f6r, ska uppf\u00f6ra hyresr\u00e4tter\/seniorbost\u00e4der p\u00e5 fastigheten. Parterna har valt att inte kommunicera n\u00e5gra detaljer om transaktionen.","og_url":"https:\/\/enckelladvokatbyra.se\/en\/transaktion-blekinge\/","og_site_name":"Enckell Advokatbyr\u00e5 Malm\u00f6","article_published_time":"2025-04-10T20:15:13+00:00","article_modified_time":"2025-11-25T14:59:10+00:00","og_image":[{"width":1920,"height":1440,"url":"https:\/\/enckelladvokatbyra.se\/wp-content\/uploads\/2025\/04\/karlskrona_bild.webp","type":"image\/webp"}],"author":"enckelladvokatbyra","twitter_card":"summary_large_image","twitter_misc":{"Written by":"enckelladvokatbyra"},"schema":{"@context":"https:\/\/schema.org","@graph":[{"@type":"Article","@id":"https:\/\/enckelladvokatbyra.se\/transaktion-blekinge\/#article","isPartOf":{"@id":"https:\/\/enckelladvokatbyra.se\/transaktion-blekinge\/"},"author":{"name":"enckelladvokatbyra","@id":"https:\/\/enckelladvokatbyra.se\/#\/schema\/person\/dc122da1798b1e68783203f28bb9cb06"},"headline":"Transaktion Blekinge","datePublished":"2025-04-10T20:15:13+00:00","dateModified":"2025-11-25T14:59:10+00:00","mainEntityOfPage":{"@id":"https:\/\/enckelladvokatbyra.se\/transaktion-blekinge\/"},"wordCount":51,"image":{"@id":"https:\/\/enckelladvokatbyra.se\/transaktion-blekinge\/#primaryimage"},"thumbnailUrl":"https:\/\/enckelladvokatbyra.se\/wp-content\/uploads\/2025\/04\/karlskrona_bild.webp","articleSection":["Nyheter"],"inLanguage":"en-GB"},{"@type":"WebPage","@id":"https:\/\/enckelladvokatbyra.se\/transaktion-blekinge\/","url":"https:\/\/enckelladvokatbyra.se\/transaktion-blekinge\/","name":"Transaktion Blekinge - Enckell Advokatbyr\u00e5 Malm\u00f6","isPartOf":{"@id":"https:\/\/enckelladvokatbyra.se\/#website"},"primaryImageOfPage":{"@id":"https:\/\/enckelladvokatbyra.se\/transaktion-blekinge\/#primaryimage"},"image":{"@id":"https:\/\/enckelladvokatbyra.se\/transaktion-blekinge\/#primaryimage"},"thumbnailUrl":"https:\/\/enckelladvokatbyra.se\/wp-content\/uploads\/2025\/04\/karlskrona_bild.webp","datePublished":"2025-04-10T20:15:13+00:00","dateModified":"2025-11-25T14:59:10+00:00","author":{"@id":"https:\/\/enckelladvokatbyra.se\/#\/schema\/person\/dc122da1798b1e68783203f28bb9cb06"},"breadcrumb":{"@id":"https:\/\/enckelladvokatbyra.se\/transaktion-blekinge\/#breadcrumb"},"inLanguage":"en-GB","potentialAction":[{"@type":"ReadAction","target":["https:\/\/enckelladvokatbyra.se\/transaktion-blekinge\/"]}]},{"@type":"ImageObject","inLanguage":"en-GB","@id":"https:\/\/enckelladvokatbyra.se\/transaktion-blekinge\/#primaryimage","url":"https:\/\/enckelladvokatbyra.se\/wp-content\/uploads\/2025\/04\/karlskrona_bild.webp","contentUrl":"https:\/\/enckelladvokatbyra.se\/wp-content\/uploads\/2025\/04\/karlskrona_bild.webp","width":1920,"height":1440},{"@type":"BreadcrumbList","@id":"https:\/\/enckelladvokatbyra.se\/transaktion-blekinge\/#breadcrumb","itemListElement":[{"@type":"ListItem","position":1,"name":"Hem","item":"https:\/\/enckelladvokatbyra.se\/"},{"@type":"ListItem","position":2,"name":"Transaktion Blekinge"}]},{"@type":"WebSite","@id":"https:\/\/enckelladvokatbyra.se\/#website","url":"https:\/\/enckelladvokatbyra.se\/","name":"Enckell Advokatbyr\u00e5 Malm\u00f6","description":"","potentialAction":[{"@type":"SearchAction","target":{"@type":"EntryPoint","urlTemplate":"https:\/\/enckelladvokatbyra.se\/?s={search_term_string}"},"query-input":{"@type":"PropertyValueSpecification","valueRequired":true,"valueName":"search_term_string"}}],"inLanguage":"en-GB"},{"@type":"Person","@id":"https:\/\/enckelladvokatbyra.se\/#\/schema\/person\/dc122da1798b1e68783203f28bb9cb06","name":"enckelladvokatbyra","image":{"@type":"ImageObject","inLanguage":"en-GB","@id":"https:\/\/secure.gravatar.com\/avatar\/04c93fbb130f5c7e1b82111e39d69da0b021c396c370f0b0dc2bf247bdf70f28?s=96&d=mm&r=g","url":"https:\/\/secure.gravatar.com\/avatar\/04c93fbb130f5c7e1b82111e39d69da0b021c396c370f0b0dc2bf247bdf70f28?s=96&d=mm&r=g","contentUrl":"https:\/\/secure.gravatar.com\/avatar\/04c93fbb130f5c7e1b82111e39d69da0b021c396c370f0b0dc2bf247bdf70f28?s=96&d=mm&r=g","caption":"enckelladvokatbyra"},"url":"https:\/\/enckelladvokatbyra.se\/en\/author\/enckelladvokatbyra\/"}]}},"_links":{"self":[{"href":"https:\/\/enckelladvokatbyra.se\/en\/wp-json\/wp\/v2\/posts\/207656","targetHints":{"allow":["GET"]}}],"collection":[{"href":"https:\/\/enckelladvokatbyra.se\/en\/wp-json\/wp\/v2\/posts"}],"about":[{"href":"https:\/\/enckelladvokatbyra.se\/en\/wp-json\/wp\/v2\/types\/post"}],"author":[{"embeddable":true,"href":"https:\/\/enckelladvokatbyra.se\/en\/wp-json\/wp\/v2\/users\/2"}],"replies":[{"embeddable":true,"href":"https:\/\/enckelladvokatbyra.se\/en\/wp-json\/wp\/v2\/comments?post=207656"}],"version-history":[{"count":2,"href":"https:\/\/enckelladvokatbyra.se\/en\/wp-json\/wp\/v2\/posts\/207656\/revisions"}],"predecessor-version":[{"id":207724,"href":"https:\/\/enckelladvokatbyra.se\/en\/wp-json\/wp\/v2\/posts\/207656\/revisions\/207724"}],"wp:featuredmedia":[{"embeddable":true,"href":"https:\/\/enckelladvokatbyra.se\/en\/wp-json\/wp\/v2\/media\/207666"}],"wp:attachment":[{"href":"https:\/\/enckelladvokatbyra.se\/en\/wp-json\/wp\/v2\/media?parent=207656"}],"wp:term":[{"taxonomy":"category","embeddable":true,"href":"https:\/\/enckelladvokatbyra.se\/en\/wp-json\/wp\/v2\/categories?post=207656"},{"taxonomy":"post_tag","embeddable":true,"href":"https:\/\/enckelladvokatbyra.se\/en\/wp-json\/wp\/v2\/tags?post=207656"}],"curies":[{"name":"wp","href":"https:\/\/api.w.org\/{rel}","templated":true}]}}