{"id":207692,"date":"2025-10-15T10:38:12","date_gmt":"2025-10-15T10:38:12","guid":{"rendered":"https:\/\/advokat.enckelladvokatbyra.se\/?p=207692"},"modified":"2025-11-25T14:55:43","modified_gmt":"2025-11-25T14:55:43","slug":"stiga-avyttrar","status":"publish","type":"post","link":"https:\/\/enckelladvokatbyra.se\/en\/stiga-avyttrar\/","title":{"rendered":"Stiga avyttrar"},"content":{"rendered":"<p>Enckell Advokatbyr\u00e5 har varit legal r\u00e5dgivare \u00e5t <a href=\"https:\/\/www.linkedin.com\/company\/stiga-group\/\"><strong>STIGA<\/strong><\/a> vid deras \u00f6verl\u00e5telse av en logistikfastighet i Tran\u00e5s till <a href=\"https:\/\/www.linkedin.com\/company\/kolfast\/\"><strong>Kolfast<\/strong><\/a> Fastighetsutveckling.<br \/>\nFastigheten \u00e4r strategiskt bel\u00e4gen i centrala Tran\u00e5s med god tillg\u00e4nglighet till riksv\u00e4g 32 och E4. Den uthyrningsbara arean uppg\u00e5r till ca 29 000 m\u00b2. Stiga \u00e4r kvar som hyresg\u00e4st p\u00e5 fastigheten.<br \/>\nAff\u00e4ren genomf\u00f6rdes genom en bolags\u00f6verl\u00e5telse. Parterna har enats om att inte kommunicera n\u00e5gra villkor f\u00f6r aff\u00e4ren.<br \/>\n<a href=\"https:\/\/www.linkedin.com\/company\/croisette-real-estate-partner\/\"><strong>Croisette Real Estate Partner<\/strong><\/a> har agerat s\u00e4ljr\u00e5dgivare.<br \/>\nVi tackar alla involverade, med VD <a href=\"https:\/\/www.linkedin.com\/in\/jonas-holm-9299381\/\"><strong>Jonas Holm<\/strong><\/a> i spetsen, f\u00f6r en mycket bra och smidig process!<\/p>","protected":false},"excerpt":{"rendered":"<p>Enckell Advokatbyr\u00e5 har varit legal r\u00e5dgivare \u00e5t STIGA vid deras \u00f6verl\u00e5telse av en logistikfastighet i Tran\u00e5s till Kolfast Fastighetsutveckling. Fastigheten \u00e4r strategiskt bel\u00e4gen i centrala Tran\u00e5s med god tillg\u00e4nglighet till riksv\u00e4g 32 och E4. Den uthyrningsbara arean uppg\u00e5r till ca 29 000 m\u00b2. Stiga \u00e4r kvar som hyresg\u00e4st p\u00e5 fastigheten. Aff\u00e4ren genomf\u00f6rdes genom en bolags\u00f6verl\u00e5telse. [&hellip;]<\/p>\n","protected":false},"author":2,"featured_media":207373,"comment_status":"closed","ping_status":"closed","sticky":false,"template":"","format":"standard","meta":{"_et_pb_use_builder":"","_et_pb_old_content":"","_et_gb_content_width":"","footnotes":""},"categories":[9],"tags":[],"class_list":["post-207692","post","type-post","status-publish","format-standard","has-post-thumbnail","hentry","category-nyheter"],"yoast_head":"<!-- This site is optimized with the Yoast SEO plugin v27.4 - https:\/\/yoast.com\/product\/yoast-seo-wordpress\/ -->\n<title>Stiga avyttrar - Enckell Advokatbyr\u00e5 Malm\u00f6<\/title>\n<meta name=\"robots\" content=\"index, follow, max-snippet:-1, max-image-preview:large, max-video-preview:-1\" \/>\n<link rel=\"canonical\" href=\"https:\/\/enckelladvokatbyra.se\/en\/stiga-avyttrar\/\" \/>\n<meta property=\"og:locale\" content=\"en_GB\" \/>\n<meta property=\"og:type\" content=\"article\" \/>\n<meta property=\"og:title\" content=\"Stiga avyttrar - Enckell Advokatbyr\u00e5 Malm\u00f6\" \/>\n<meta property=\"og:description\" content=\"Enckell Advokatbyr\u00e5 har varit legal r\u00e5dgivare \u00e5t STIGA vid deras \u00f6verl\u00e5telse av en logistikfastighet i Tran\u00e5s till Kolfast Fastighetsutveckling. Fastigheten \u00e4r strategiskt bel\u00e4gen i centrala Tran\u00e5s med god tillg\u00e4nglighet till riksv\u00e4g 32 och E4. Den uthyrningsbara arean uppg\u00e5r till ca 29 000 m\u00b2. Stiga \u00e4r kvar som hyresg\u00e4st p\u00e5 fastigheten. Aff\u00e4ren genomf\u00f6rdes genom en bolags\u00f6verl\u00e5telse. [&hellip;]\" \/>\n<meta property=\"og:url\" content=\"https:\/\/enckelladvokatbyra.se\/en\/stiga-avyttrar\/\" \/>\n<meta property=\"og:site_name\" content=\"Enckell Advokatbyr\u00e5 Malm\u00f6\" \/>\n<meta property=\"article:published_time\" content=\"2025-10-15T10:38:12+00:00\" \/>\n<meta property=\"article:modified_time\" content=\"2025-11-25T14:55:43+00:00\" \/>\n<meta property=\"og:image\" content=\"https:\/\/enckelladvokatbyra.se\/wp-content\/uploads\/2022\/10\/header3.jpg\" \/>\n\t<meta property=\"og:image:width\" content=\"1600\" \/>\n\t<meta property=\"og:image:height\" content=\"1067\" \/>\n\t<meta property=\"og:image:type\" content=\"image\/jpeg\" \/>\n<meta name=\"author\" content=\"enckelladvokatbyra\" \/>\n<meta name=\"twitter:card\" content=\"summary_large_image\" \/>\n<meta name=\"twitter:label1\" content=\"Written by\" \/>\n\t<meta name=\"twitter:data1\" content=\"enckelladvokatbyra\" \/>\n\t<meta name=\"twitter:label2\" content=\"Estimated reading time\" \/>\n\t<meta name=\"twitter:data2\" content=\"1 minute\" \/>\n<script type=\"application\/ld+json\" class=\"yoast-schema-graph\">{\"@context\":\"https:\\\/\\\/schema.org\",\"@graph\":[{\"@type\":\"Article\",\"@id\":\"https:\\\/\\\/enckelladvokatbyra.se\\\/stiga-avyttrar\\\/#article\",\"isPartOf\":{\"@id\":\"https:\\\/\\\/enckelladvokatbyra.se\\\/stiga-avyttrar\\\/\"},\"author\":{\"name\":\"enckelladvokatbyra\",\"@id\":\"https:\\\/\\\/enckelladvokatbyra.se\\\/#\\\/schema\\\/person\\\/dc122da1798b1e68783203f28bb9cb06\"},\"headline\":\"Stiga avyttrar\",\"datePublished\":\"2025-10-15T10:38:12+00:00\",\"dateModified\":\"2025-11-25T14:55:43+00:00\",\"mainEntityOfPage\":{\"@id\":\"https:\\\/\\\/enckelladvokatbyra.se\\\/stiga-avyttrar\\\/\"},\"wordCount\":108,\"image\":{\"@id\":\"https:\\\/\\\/enckelladvokatbyra.se\\\/stiga-avyttrar\\\/#primaryimage\"},\"thumbnailUrl\":\"https:\\\/\\\/enckelladvokatbyra.se\\\/wp-content\\\/uploads\\\/2022\\\/10\\\/header3.jpg\",\"articleSection\":[\"Nyheter\"],\"inLanguage\":\"en-GB\"},{\"@type\":\"WebPage\",\"@id\":\"https:\\\/\\\/enckelladvokatbyra.se\\\/stiga-avyttrar\\\/\",\"url\":\"https:\\\/\\\/enckelladvokatbyra.se\\\/stiga-avyttrar\\\/\",\"name\":\"Stiga avyttrar - Enckell Advokatbyr\u00e5 Malm\u00f6\",\"isPartOf\":{\"@id\":\"https:\\\/\\\/enckelladvokatbyra.se\\\/#website\"},\"primaryImageOfPage\":{\"@id\":\"https:\\\/\\\/enckelladvokatbyra.se\\\/stiga-avyttrar\\\/#primaryimage\"},\"image\":{\"@id\":\"https:\\\/\\\/enckelladvokatbyra.se\\\/stiga-avyttrar\\\/#primaryimage\"},\"thumbnailUrl\":\"https:\\\/\\\/enckelladvokatbyra.se\\\/wp-content\\\/uploads\\\/2022\\\/10\\\/header3.jpg\",\"datePublished\":\"2025-10-15T10:38:12+00:00\",\"dateModified\":\"2025-11-25T14:55:43+00:00\",\"author\":{\"@id\":\"https:\\\/\\\/enckelladvokatbyra.se\\\/#\\\/schema\\\/person\\\/dc122da1798b1e68783203f28bb9cb06\"},\"breadcrumb\":{\"@id\":\"https:\\\/\\\/enckelladvokatbyra.se\\\/stiga-avyttrar\\\/#breadcrumb\"},\"inLanguage\":\"en-GB\",\"potentialAction\":[{\"@type\":\"ReadAction\",\"target\":[\"https:\\\/\\\/enckelladvokatbyra.se\\\/stiga-avyttrar\\\/\"]}]},{\"@type\":\"ImageObject\",\"inLanguage\":\"en-GB\",\"@id\":\"https:\\\/\\\/enckelladvokatbyra.se\\\/stiga-avyttrar\\\/#primaryimage\",\"url\":\"https:\\\/\\\/enckelladvokatbyra.se\\\/wp-content\\\/uploads\\\/2022\\\/10\\\/header3.jpg\",\"contentUrl\":\"https:\\\/\\\/enckelladvokatbyra.se\\\/wp-content\\\/uploads\\\/2022\\\/10\\\/header3.jpg\",\"width\":1600,\"height\":1067},{\"@type\":\"BreadcrumbList\",\"@id\":\"https:\\\/\\\/enckelladvokatbyra.se\\\/stiga-avyttrar\\\/#breadcrumb\",\"itemListElement\":[{\"@type\":\"ListItem\",\"position\":1,\"name\":\"Hem\",\"item\":\"https:\\\/\\\/enckelladvokatbyra.se\\\/\"},{\"@type\":\"ListItem\",\"position\":2,\"name\":\"Stiga avyttrar\"}]},{\"@type\":\"WebSite\",\"@id\":\"https:\\\/\\\/enckelladvokatbyra.se\\\/#website\",\"url\":\"https:\\\/\\\/enckelladvokatbyra.se\\\/\",\"name\":\"Enckell Advokatbyr\u00e5 Malm\u00f6\",\"description\":\"\",\"potentialAction\":[{\"@type\":\"SearchAction\",\"target\":{\"@type\":\"EntryPoint\",\"urlTemplate\":\"https:\\\/\\\/enckelladvokatbyra.se\\\/?s={search_term_string}\"},\"query-input\":{\"@type\":\"PropertyValueSpecification\",\"valueRequired\":true,\"valueName\":\"search_term_string\"}}],\"inLanguage\":\"en-GB\"},{\"@type\":\"Person\",\"@id\":\"https:\\\/\\\/enckelladvokatbyra.se\\\/#\\\/schema\\\/person\\\/dc122da1798b1e68783203f28bb9cb06\",\"name\":\"enckelladvokatbyra\",\"image\":{\"@type\":\"ImageObject\",\"inLanguage\":\"en-GB\",\"@id\":\"https:\\\/\\\/secure.gravatar.com\\\/avatar\\\/04c93fbb130f5c7e1b82111e39d69da0b021c396c370f0b0dc2bf247bdf70f28?s=96&d=mm&r=g\",\"url\":\"https:\\\/\\\/secure.gravatar.com\\\/avatar\\\/04c93fbb130f5c7e1b82111e39d69da0b021c396c370f0b0dc2bf247bdf70f28?s=96&d=mm&r=g\",\"contentUrl\":\"https:\\\/\\\/secure.gravatar.com\\\/avatar\\\/04c93fbb130f5c7e1b82111e39d69da0b021c396c370f0b0dc2bf247bdf70f28?s=96&d=mm&r=g\",\"caption\":\"enckelladvokatbyra\"},\"url\":\"https:\\\/\\\/enckelladvokatbyra.se\\\/en\\\/author\\\/enckelladvokatbyra\\\/\"}]}<\/script>\n<!-- \/ Yoast SEO plugin. -->","yoast_head_json":{"title":"Stiga avyttrar - Enckell Advokatbyr\u00e5 Malm\u00f6","robots":{"index":"index","follow":"follow","max-snippet":"max-snippet:-1","max-image-preview":"max-image-preview:large","max-video-preview":"max-video-preview:-1"},"canonical":"https:\/\/enckelladvokatbyra.se\/en\/stiga-avyttrar\/","og_locale":"en_GB","og_type":"article","og_title":"Stiga avyttrar - Enckell Advokatbyr\u00e5 Malm\u00f6","og_description":"Enckell Advokatbyr\u00e5 har varit legal r\u00e5dgivare \u00e5t STIGA vid deras \u00f6verl\u00e5telse av en logistikfastighet i Tran\u00e5s till Kolfast Fastighetsutveckling. Fastigheten \u00e4r strategiskt bel\u00e4gen i centrala Tran\u00e5s med god tillg\u00e4nglighet till riksv\u00e4g 32 och E4. Den uthyrningsbara arean uppg\u00e5r till ca 29 000 m\u00b2. Stiga \u00e4r kvar som hyresg\u00e4st p\u00e5 fastigheten. Aff\u00e4ren genomf\u00f6rdes genom en bolags\u00f6verl\u00e5telse. [&hellip;]","og_url":"https:\/\/enckelladvokatbyra.se\/en\/stiga-avyttrar\/","og_site_name":"Enckell Advokatbyr\u00e5 Malm\u00f6","article_published_time":"2025-10-15T10:38:12+00:00","article_modified_time":"2025-11-25T14:55:43+00:00","og_image":[{"width":1600,"height":1067,"url":"https:\/\/enckelladvokatbyra.se\/wp-content\/uploads\/2022\/10\/header3.jpg","type":"image\/jpeg"}],"author":"enckelladvokatbyra","twitter_card":"summary_large_image","twitter_misc":{"Written by":"enckelladvokatbyra","Estimated reading time":"1 minute"},"schema":{"@context":"https:\/\/schema.org","@graph":[{"@type":"Article","@id":"https:\/\/enckelladvokatbyra.se\/stiga-avyttrar\/#article","isPartOf":{"@id":"https:\/\/enckelladvokatbyra.se\/stiga-avyttrar\/"},"author":{"name":"enckelladvokatbyra","@id":"https:\/\/enckelladvokatbyra.se\/#\/schema\/person\/dc122da1798b1e68783203f28bb9cb06"},"headline":"Stiga avyttrar","datePublished":"2025-10-15T10:38:12+00:00","dateModified":"2025-11-25T14:55:43+00:00","mainEntityOfPage":{"@id":"https:\/\/enckelladvokatbyra.se\/stiga-avyttrar\/"},"wordCount":108,"image":{"@id":"https:\/\/enckelladvokatbyra.se\/stiga-avyttrar\/#primaryimage"},"thumbnailUrl":"https:\/\/enckelladvokatbyra.se\/wp-content\/uploads\/2022\/10\/header3.jpg","articleSection":["Nyheter"],"inLanguage":"en-GB"},{"@type":"WebPage","@id":"https:\/\/enckelladvokatbyra.se\/stiga-avyttrar\/","url":"https:\/\/enckelladvokatbyra.se\/stiga-avyttrar\/","name":"Stiga avyttrar - Enckell Advokatbyr\u00e5 Malm\u00f6","isPartOf":{"@id":"https:\/\/enckelladvokatbyra.se\/#website"},"primaryImageOfPage":{"@id":"https:\/\/enckelladvokatbyra.se\/stiga-avyttrar\/#primaryimage"},"image":{"@id":"https:\/\/enckelladvokatbyra.se\/stiga-avyttrar\/#primaryimage"},"thumbnailUrl":"https:\/\/enckelladvokatbyra.se\/wp-content\/uploads\/2022\/10\/header3.jpg","datePublished":"2025-10-15T10:38:12+00:00","dateModified":"2025-11-25T14:55:43+00:00","author":{"@id":"https:\/\/enckelladvokatbyra.se\/#\/schema\/person\/dc122da1798b1e68783203f28bb9cb06"},"breadcrumb":{"@id":"https:\/\/enckelladvokatbyra.se\/stiga-avyttrar\/#breadcrumb"},"inLanguage":"en-GB","potentialAction":[{"@type":"ReadAction","target":["https:\/\/enckelladvokatbyra.se\/stiga-avyttrar\/"]}]},{"@type":"ImageObject","inLanguage":"en-GB","@id":"https:\/\/enckelladvokatbyra.se\/stiga-avyttrar\/#primaryimage","url":"https:\/\/enckelladvokatbyra.se\/wp-content\/uploads\/2022\/10\/header3.jpg","contentUrl":"https:\/\/enckelladvokatbyra.se\/wp-content\/uploads\/2022\/10\/header3.jpg","width":1600,"height":1067},{"@type":"BreadcrumbList","@id":"https:\/\/enckelladvokatbyra.se\/stiga-avyttrar\/#breadcrumb","itemListElement":[{"@type":"ListItem","position":1,"name":"Hem","item":"https:\/\/enckelladvokatbyra.se\/"},{"@type":"ListItem","position":2,"name":"Stiga avyttrar"}]},{"@type":"WebSite","@id":"https:\/\/enckelladvokatbyra.se\/#website","url":"https:\/\/enckelladvokatbyra.se\/","name":"Enckell Advokatbyr\u00e5 Malm\u00f6","description":"","potentialAction":[{"@type":"SearchAction","target":{"@type":"EntryPoint","urlTemplate":"https:\/\/enckelladvokatbyra.se\/?s={search_term_string}"},"query-input":{"@type":"PropertyValueSpecification","valueRequired":true,"valueName":"search_term_string"}}],"inLanguage":"en-GB"},{"@type":"Person","@id":"https:\/\/enckelladvokatbyra.se\/#\/schema\/person\/dc122da1798b1e68783203f28bb9cb06","name":"enckelladvokatbyra","image":{"@type":"ImageObject","inLanguage":"en-GB","@id":"https:\/\/secure.gravatar.com\/avatar\/04c93fbb130f5c7e1b82111e39d69da0b021c396c370f0b0dc2bf247bdf70f28?s=96&d=mm&r=g","url":"https:\/\/secure.gravatar.com\/avatar\/04c93fbb130f5c7e1b82111e39d69da0b021c396c370f0b0dc2bf247bdf70f28?s=96&d=mm&r=g","contentUrl":"https:\/\/secure.gravatar.com\/avatar\/04c93fbb130f5c7e1b82111e39d69da0b021c396c370f0b0dc2bf247bdf70f28?s=96&d=mm&r=g","caption":"enckelladvokatbyra"},"url":"https:\/\/enckelladvokatbyra.se\/en\/author\/enckelladvokatbyra\/"}]}},"_links":{"self":[{"href":"https:\/\/enckelladvokatbyra.se\/en\/wp-json\/wp\/v2\/posts\/207692","targetHints":{"allow":["GET"]}}],"collection":[{"href":"https:\/\/enckelladvokatbyra.se\/en\/wp-json\/wp\/v2\/posts"}],"about":[{"href":"https:\/\/enckelladvokatbyra.se\/en\/wp-json\/wp\/v2\/types\/post"}],"author":[{"embeddable":true,"href":"https:\/\/enckelladvokatbyra.se\/en\/wp-json\/wp\/v2\/users\/2"}],"replies":[{"embeddable":true,"href":"https:\/\/enckelladvokatbyra.se\/en\/wp-json\/wp\/v2\/comments?post=207692"}],"version-history":[{"count":2,"href":"https:\/\/enckelladvokatbyra.se\/en\/wp-json\/wp\/v2\/posts\/207692\/revisions"}],"predecessor-version":[{"id":207716,"href":"https:\/\/enckelladvokatbyra.se\/en\/wp-json\/wp\/v2\/posts\/207692\/revisions\/207716"}],"wp:featuredmedia":[{"embeddable":true,"href":"https:\/\/enckelladvokatbyra.se\/en\/wp-json\/wp\/v2\/media\/207373"}],"wp:attachment":[{"href":"https:\/\/enckelladvokatbyra.se\/en\/wp-json\/wp\/v2\/media?parent=207692"}],"wp:term":[{"taxonomy":"category","embeddable":true,"href":"https:\/\/enckelladvokatbyra.se\/en\/wp-json\/wp\/v2\/categories?post=207692"},{"taxonomy":"post_tag","embeddable":true,"href":"https:\/\/enckelladvokatbyra.se\/en\/wp-json\/wp\/v2\/tags?post=207692"}],"curies":[{"name":"wp","href":"https:\/\/api.w.org\/{rel}","templated":true}]}}